{"id":3419,"date":"2013-02-12T09:48:36","date_gmt":"2013-02-12T09:48:36","guid":{"rendered":"http:\/\/kohom.hr\/mm\/?p=3419"},"modified":"2013-02-12T09:48:36","modified_gmt":"2013-02-12T09:48:36","slug":"radionica-tecaj-palijative","status":"publish","type":"post","link":"http:\/\/kohom.hr\/mm\/?p=3419","title":{"rendered":"Radionica: Te\u010daj palijative"},"content":{"rendered":"<p style=\"text-align: justify;\">Draga Ines, te kolege IO KOHOM-a,<\/p>\n<p style=\"text-align: justify;\">Upravo je zavr\u0161io Te\u010daj palijative u organizaciji CEPAMET-a- Radi se o te\u010daju prve kategorije nakon kojega se izdaje diploma ( certifikat) od strane Medicinskog fakulteta. Te\u010daj je bio multidisciplinaran, a trajao je osam dana. Sudionici su bili iz svih djelova Hrvatske. Me\u0111u lije\u010dnicima bilo je internista, pedijatara, neurologa, fizijatara i psihijatara te nas troje obiteljskih lije\u010dnika; dr Vlasta Vu\u010devac, dr Drina Podobnik i ja. Bilo je i psihologa, defektologa te socijalnih radnika. Me\u0111u sudionicima su bile i medicinske sestre ( iz razli\u010ditih odjela ), tehni\u010dari i fizioterapeuti, a svi su do\u0161li nau\u010diti nove smjernice lije\u010denja i pristupa palijativnim bolesnicima, kako onih koji boluju od malignih bolesti tako i onih koji boluju od kronicnih nezaraznih bolesti.<\/p>\n<p style=\"text-align: justify;\">U sklopu tecaja se dotakla i duhovnost kao jedan vid skrbi palijativnog bolesnika.<\/p>\n<p style=\"text-align: justify;\">Na Skup\u0161tini udruge za palijativnu medicinu ve\u0107inom glasova prisutnih za predsjednicu je izabrana dr Vlasta Vu\u010devac, spec.op\u0107e medicine.<\/p>\n<p style=\"text-align: justify;\">Profesor Veljko \u0110ordevi\u0107 i docentica Marijana Bra\u0161 su organizacijom ovakvog multidisciplinarnog te\u010daja senzibilizirali sve sudionike na \u0161irenje ideje o \u0161to boljem organiziranju i aktivnijem timskom radu za dobrobit na\u0161ih pacijenata.<\/p>\n<p style=\"text-align: justify;\">U vi\u0161e navrata spomenulo se da lijecnici obiteljske medicine uglavnom slabo sudjeluju u lijecenju palijativnog bolesnika. Kao lijecnik obiteljske medicine stala sam u obranu na\u0161e struke te naglasila da nam nedostaje vremena i novaca za adekvatno lije\u010denje na\u0161ih pacijenata jer ve\u0107 sada radimo trostruki nadstandard, a da nam na\u017ealost i predstoje\u0107i ugovori s HZZO-om ne\u0107e pru\u017eiti mogu\u0107nost slobodnog vremena i dovoljno novaca za provo\u0111enje palijativne medicine. Pozitivno je da imamo dobru suradnju s direktorom HZZO-a i na\u0161im Ministrom zdravlja te se nadamo se da \u0107e se i za ovaj problem prona\u0107i adekvatno rije\u0161enje.<\/p>\n<p style=\"text-align: justify;\">Istaknula sam da se razlikuju ruralna od urbane sredine jer mi u velikim gradovima imamo priliku konzultacije te ukoliko se poka\u017ee potreba i stacionarnog lije\u010denja na\u0161ih palijativnih bolesnika dok je kolegama ruralnih sredina daleko te\u017ee. Isto tako sam spomenula da \u0107emo u\u010diniti sve kako bi organiziranjem svojih radionica prakti\u010dnih vje\u0161tina po cijeloj RH osna\u017eili lije\u010dnike obiteljske medicine.<\/p>\n<p style=\"text-align: justify;\">Dr Vu\u010devac je jo\u0161 jednom naglasila da je lije\u010dnik obiteljske medicine nosioc tima palijative i da je njegova uloga najva\u017enija u skrbi palijativnog bolesnika. Spomenula je KOHOM kao najve\u0107u udrugu LOM- a u RH koja aktivno sudjeluje u osna\u017eivanju uloge lijecnika obiteljske medicine i vra\u0107anju digniteta struke.<\/p>\n<p style=\"text-align: justify;\">Kako su u pripremi radionice prakti\u010dnih vje\u0161tina za nas obiteljske lije\u010dnike, s kojima nadam se ne \u0107emo dugo \u010dekati, radujem se da \u0107emo novo ste\u010dena znanja i iskustva prenijeti svojim kolegama te ih osposobobiti da prema EBM rade najbolju palijativnu medicinu u Republici Hrvatskoj.<\/p>\n<p style=\"text-align: justify;\">Srda\u010dan pozdrav!<\/p>\n<p style=\"text-align: justify;\"><strong>Meri Margreitner<\/strong>, dr. med.\u00a0spec. obiteljske mdicine<\/p>\n","protected":false},"excerpt":{"rendered":"<p>Draga Ines, te kolege IO KOHOM-a, Upravo je zavr\u0161io Te\u010daj palijative u organizaciji CEPAMET-a- Radi se o te\u010daju prve kategorije nakon kojega se izdaje diploma ( certifikat) od strane Medicinskog fakulteta. Te\u010daj je bio multidisciplinaran, a trajao je osam dana. Sudionici su bili iz svih djelova Hrvatske. Me\u0111u lije\u010dnicima bilo je internista, pedijatara, neurologa, fizijatara &#8230;<\/p>\n","protected":false},"author":1,"featured_media":0,"comment_status":"closed","ping_status":"closed","sticky":false,"template":"","format":"standard","meta":{"jetpack_post_was_ever_published":false,"_jetpack_newsletter_access":"","_jetpack_dont_email_post_to_subs":false,"_jetpack_newsletter_tier_id":0,"_jetpack_memberships_contains_paywalled_content":false,"_jetpack_memberships_contains_paid_content":false,"footnotes":"","jetpack_publicize_message":"","jetpack_publicize_feature_enabled":true,"jetpack_social_post_already_shared":false,"jetpack_social_options":{"image_generator_settings":{"template":"highway","enabled":false}}},"categories":[8],"tags":[],"jetpack_publicize_connections":[],"jetpack_featured_media_url":"","jetpack_shortlink":"https:\/\/wp.me\/p13bms-T9","jetpack_sharing_enabled":true,"_links":{"self":[{"href":"http:\/\/kohom.hr\/mm\/index.php?rest_route=\/wp\/v2\/posts\/3419"}],"collection":[{"href":"http:\/\/kohom.hr\/mm\/index.php?rest_route=\/wp\/v2\/posts"}],"about":[{"href":"http:\/\/kohom.hr\/mm\/index.php?rest_route=\/wp\/v2\/types\/post"}],"author":[{"embeddable":true,"href":"http:\/\/kohom.hr\/mm\/index.php?rest_route=\/wp\/v2\/users\/1"}],"replies":[{"embeddable":true,"href":"http:\/\/kohom.hr\/mm\/index.php?rest_route=%2Fwp%2Fv2%2Fcomments&post=3419"}],"version-history":[{"count":0,"href":"http:\/\/kohom.hr\/mm\/index.php?rest_route=\/wp\/v2\/posts\/3419\/revisions"}],"wp:attachment":[{"href":"http:\/\/kohom.hr\/mm\/index.php?rest_route=%2Fwp%2Fv2%2Fmedia&parent=3419"}],"wp:term":[{"taxonomy":"category","embeddable":true,"href":"http:\/\/kohom.hr\/mm\/index.php?rest_route=%2Fwp%2Fv2%2Fcategories&post=3419"},{"taxonomy":"post_tag","embeddable":true,"href":"http:\/\/kohom.hr\/mm\/index.php?rest_route=%2Fwp%2Fv2%2Ftags&post=3419"}],"curies":[{"name":"wp","href":"https:\/\/api.w.org\/{rel}","templated":true}]}}