{"id":8600,"date":"2021-01-18T12:54:13","date_gmt":"2021-01-18T11:54:13","guid":{"rendered":"http:\/\/kohom.hr\/mm\/?p=8600"},"modified":"2021-01-20T10:44:42","modified_gmt":"2021-01-20T09:44:42","slug":"najava-12-kongres-koordinacije-hrvatske-obiteljske-medicine","status":"publish","type":"post","link":"http:\/\/kohom.hr\/mm\/?p=8600","title":{"rendered":"SAVE THE DATE: 12. kongres Koordinacije hrvatske obiteljske medicine"},"content":{"rendered":"<p style=\"font-weight: 400;\">Drage kolegice i kolege,<\/p>\n<ol start=\"2020\">\n<li style=\"font-weight: 400;\">godina promijenila je lice svijeta.<\/li>\n<\/ol>\n<p style=\"font-weight: 400;\">S njime se promijenila i\u00a0obiteljska\u00a0medicina; ova pandemija ima potencijal da je promijeni dramati\u010dno i trajno. Neke promjene bit \u0107e zasigurno na bolje, no ho\u0107e li sve biti takve?<\/p>\n<p style=\"font-weight: 400;\">Trija\u017ea dolazaka isklju\u010divo na indikaciju lije\u010dnika, smanjeni broj licem-u-lice konzultacija, prijelaz na elektronske oblike komunikacije i konzultacije: video pozivi, telefon i mobitel, e-mail, aplikacije instant poruka, dru\u0161tvene mre\u017ee,\u2026 postale su na\u0161a stvarnost, no \u0161to nam to donosi u budu\u0107nosti u postpandemijskom svijetu? Promijenila se i administracija, sve \u0161to je informati\u010dki bilo nemogu\u0107e i nedosti\u017eno i \u0161to se mijenjalo vrlo sporo i inertno, preko no\u0107i je postalo svakodnevna praksa, no i dalje ne onoliko koliko bi trebalo i kako bi uistinu bilo na na\u0161u korist, a ne na dodatno optere\u0107enje.<\/p>\n<p style=\"font-weight: 400;\">Koliko smo prepoznati tijekom pandemije? Jesmo li bili va\u017eni kota\u010di\u0107 unutar sustava, jesmo li sudjelovali u dono\u0161enju odluka, kako smo se nosili sa turbulentnim doga\u0111ajima, kako smo se prilago\u0111avali promjenama? Lije\u010dnici obiteljske medicine sudjelovali su u svim aspektima borbe protiv pandemije na njezinoj prvoj crti obrane, radili iz samoizolacije, iz svojih obitelji i domova, uzimali briseve, de\u017eurali u Covid ambulantama, bili na raspolaganju svojim pacijentima izvan radnog vremena, a pritom nismo stali niti u edukaciji \u2013 sami usvajaju\u0107i nova znanja i vje\u0161tine ili podu\u010davaju\u0107i druge.<\/p>\n<p style=\"font-weight: 400;\">I na koncu, koliko \u0107e nas sve zajedno ovo stajati? Koliku razinu stresa mo\u017eemo podnijeti kao pojedinci, kao profesionalci, zajednica i dru\u0161tvo u cjelini i kakve \u0107emo posljedice ovog te\u0161kog vremena susretati u budu\u0107nosti?<\/p>\n<p style=\"font-weight: 400;\">Mi smo navikli biti agilni i spremni prilagoditi se svakoj novonastaloj situaciji.<\/p>\n<p style=\"font-weight: 400;\">Za 2021. godinu vrijedno pripremamo na\u0161 12. kongres vjeruju\u0107i da \u0107emo se susresti na starom mjestu, ali u novom terminu<\/p>\n<p style=\"font-weight: 400;\">od <strong>20. &#8211; 23 lipnja 2021.<\/strong> godine.<\/p>\n<p style=\"font-weight: 400;\">Naziv 12 kongres KoHOM-a je <strong>IZAZOVI OBITELJSKE MEDICINE U 21. STOLJE\u0106U<\/strong>.<\/p>\n<p style=\"font-weight: 400;\">Obuhvatit \u0107emo 4 cjeline:<\/p>\n<ol>\n<li style=\"font-weight: 400;\">Obiteljska medicina izme\u0111u \u0160tampara i umjetne inteligencije: Od doktora iz malog mista do doktora AI<\/li>\n<li style=\"font-weight: 400;\">Onkologija \u2013 Naj\u010de\u0161\u0107a tumorska sijela i njihovi naj\u010de\u0161\u0107i simptomi \u2013 kako ih \u0161to ranije prepoznati, obiteljski lije\u010dnik kao dio multidisciplinarnog tima<\/li>\n<li style=\"font-weight: 400;\">Pandemije nakon pandemije<\/li>\n<li style=\"font-weight: 400;\">Mentalno zdravlje u zajednici \u2013 posljedice epidemije Covid-19, kako se mijenja svijest ljudi &#8211; kako zajednica poma\u017ee, a kako umjetna inteligencija; prva psiholo\u0161ka pomo\u0107 (intervencije u krizi, kako LOM mo\u017ee nau\u010diti gra\u0111ane\/pacijente da pomognu jedni drugima); depresija, prevencija depresije i suicida.<\/li>\n<\/ol>\n<p style=\"font-weight: 400;\">Vjerujemo da se i VI veselite i negdje duboko u sebi nadate da \u0107e kongres biti odr\u017ean u\u017eivo. Tako ga i pripremamo za Vas i u\u010dinit \u0107emo sve da nadma\u0161imo Va\u0161a o\u010dekivanja. No, spremni smo u slu\u010daju takvog razvoja situacije odr\u017eati hibridni ili potpuno virtualni kongres. Jer smo sna\u017eni, jer znamo i mo\u017eemo!<\/p>\n<p style=\"font-weight: 400;\">Va\u0161 KoHOM<\/p>\n","protected":false},"excerpt":{"rendered":"<p>Drage kolegice i kolege, godina promijenila je lice svijeta. S njime se promijenila i\u00a0obiteljska\u00a0medicina; ova pandemija ima potencijal da je promijeni dramati\u010dno i trajno. Neke promjene bit \u0107e zasigurno na bolje, no ho\u0107e li sve biti takve? Trija\u017ea dolazaka isklju\u010divo na indikaciju lije\u010dnika, smanjeni broj licem-u-lice konzultacija, prijelaz na elektronske oblike komunikacije i konzultacije: video &#8230;<\/p>\n","protected":false},"author":6,"featured_media":8634,"comment_status":"closed","ping_status":"closed","sticky":false,"template":"","format":"standard","meta":{"jetpack_post_was_ever_published":false,"_jetpack_newsletter_access":"","_jetpack_dont_email_post_to_subs":false,"_jetpack_newsletter_tier_id":0,"_jetpack_memberships_contains_paywalled_content":false,"_jetpack_memberships_contains_paid_content":false,"footnotes":"","jetpack_publicize_message":"","jetpack_publicize_feature_enabled":true,"jetpack_social_post_already_shared":true,"jetpack_social_options":{"image_generator_settings":{"template":"highway","enabled":false}}},"categories":[1],"tags":[],"jetpack_publicize_connections":[],"jetpack_featured_media_url":"http:\/\/kohom.hr\/mm\/wp-content\/uploads\/12-KoHOM-vizual-.png","jetpack_shortlink":"https:\/\/wp.me\/p13bms-2eI","jetpack_sharing_enabled":true,"_links":{"self":[{"href":"http:\/\/kohom.hr\/mm\/index.php?rest_route=\/wp\/v2\/posts\/8600"}],"collection":[{"href":"http:\/\/kohom.hr\/mm\/index.php?rest_route=\/wp\/v2\/posts"}],"about":[{"href":"http:\/\/kohom.hr\/mm\/index.php?rest_route=\/wp\/v2\/types\/post"}],"author":[{"embeddable":true,"href":"http:\/\/kohom.hr\/mm\/index.php?rest_route=\/wp\/v2\/users\/6"}],"replies":[{"embeddable":true,"href":"http:\/\/kohom.hr\/mm\/index.php?rest_route=%2Fwp%2Fv2%2Fcomments&post=8600"}],"version-history":[{"count":9,"href":"http:\/\/kohom.hr\/mm\/index.php?rest_route=\/wp\/v2\/posts\/8600\/revisions"}],"predecessor-version":[{"id":8721,"href":"http:\/\/kohom.hr\/mm\/index.php?rest_route=\/wp\/v2\/posts\/8600\/revisions\/8721"}],"wp:featuredmedia":[{"embeddable":true,"href":"http:\/\/kohom.hr\/mm\/index.php?rest_route=\/wp\/v2\/media\/8634"}],"wp:attachment":[{"href":"http:\/\/kohom.hr\/mm\/index.php?rest_route=%2Fwp%2Fv2%2Fmedia&parent=8600"}],"wp:term":[{"taxonomy":"category","embeddable":true,"href":"http:\/\/kohom.hr\/mm\/index.php?rest_route=%2Fwp%2Fv2%2Fcategories&post=8600"},{"taxonomy":"post_tag","embeddable":true,"href":"http:\/\/kohom.hr\/mm\/index.php?rest_route=%2Fwp%2Fv2%2Ftags&post=8600"}],"curies":[{"name":"wp","href":"https:\/\/api.w.org\/{rel}","templated":true}]}}